{"id":8029,"date":"2023-01-23T06:47:53","date_gmt":"2023-01-23T06:47:53","guid":{"rendered":"https:\/\/visitestepona.eu\/nuevo-en-estepona-region-aire\/"},"modified":"2023-01-23T06:48:33","modified_gmt":"2023-01-23T06:48:33","slug":"nuevo-en-estepona-region-aire","status":"publish","type":"post","link":"https:\/\/visitestepona.eu\/es\/nuevo-en-estepona-region-aire\/","title":{"rendered":"Nuevo en Estepona Regi\u00f3n: Aire"},"content":{"rendered":"\n<p><\/p>\n\n<hr class=\"wp-block-separator has-css-opacity is-style-default\"\/>\n\n<figure class=\"wp-block-image aligncenter size-full is-resized is-style-default\"><img loading=\"lazy\" decoding=\"async\" src=\"https:\/\/visitestepona.eu\/wp-content\/uploads\/2023\/01\/AIREfounders.jpeg\" alt=\"VisitEstepona\" class=\"wp-image-8022\" width=\"375\" height=\"469\" title=\"\"><\/figure>\n\n<blockquote class=\"wp-block-quote has-text-align-center is-style-large is-layout-flow wp-block-quote-is-layout-flow\">\n<p>En 2021 decidimos mudarnos de los Pa\u00edses Bajos a <em>Espa\u00f1a<\/em> , en busca de una forma de vida m\u00e1s consciente. En mayo de 2022, nos dirigimos a nuestro <em>destino<\/em>, empacando nuestro autom\u00f3vil solo con las necesidades b\u00e1sicas. Despu\u00e9s de una larga b\u00fasqueda, ahora puede encontrarnos en el \u00e1rea de <em>Estepona<\/em> en la regi\u00f3n de la Costa del Sol, construyendo una existencia nueva e <em>inspiradora<\/em> , en un pa\u00eds construido sobre la pasi\u00f3n, los sabores locales, la <em>autenticidad<\/em> y el entusiasmo por la vida.<\/p>\n\n\n\n<p><\/p>\n\n\n\n<p><br\/><\/p>\n\n\n\n<p><em>Con un ojo extremo para el detalle, traemos un ambiente acogedor y personalizado a cualquier lugar, a la manera andaluza, literalmente desde la llegada hasta la despedida. Junto con nuestras unidades de negocio gratuitas  <\/em><a href=\"https:\/\/www.aireconcierge.co\/aire-goods\" target=\"_blank\" rel=\"noopener\">Productos<\/a> AIRE <em> y <\/em><a href=\"https:\/\/www.aireconcierge.co\/aire-design-studio\" target=\"_blank\" rel=\"noopener\">estudio AIRE<\/a><em>  Estamos totalmente equipados para ayudarlo a cubrir todo lo que necesita como propietario de una propiedad moderna. Desde dise\u00f1ar su identidad hasta curar las comodidades y los objetos interiores para que se ajusten a su gusto, estilo o marca.<\/em><\/p>\n<cite><em>Pascal &amp; Esther<\/em><\/cite><\/blockquote>\n\n<p><a href=\"https:\/\/www.aireconcierge.co\/aboutus\" target=\"_blank\" rel=\"noopener\">https:\/\/www.aireconcierge.co\/aboutus<\/a><\/p>\n","protected":false},"excerpt":{"rendered":"<p>En 2021 decidimos mudarnos de los Pa\u00edses Bajos a Espa\u00f1a , en busca de una forma de vida m\u00e1s consciente. En mayo de 2022, nos dirigimos a nuestro destino, empacando nuestro autom\u00f3vil solo con las necesidades b\u00e1sicas. Despu\u00e9s de una larga b\u00fasqueda, ahora puede encontrarnos en el \u00e1rea de Estepona en la regi\u00f3n de la\u2026 <a href=\"https:\/\/visitestepona.eu\/es\/nuevo-en-estepona-region-aire\/\">Read More &raquo;<\/a><\/p>\n","protected":false},"author":1,"featured_media":8042,"comment_status":"open","ping_status":"open","sticky":false,"template":"","format":"standard","meta":{"_acf_changed":false,"_et_pb_use_builder":"off","_et_pb_old_content":"","_et_gb_content_width":"","footnotes":""},"categories":[71,41],"tags":[],"class_list":["post-8029","post","type-post","status-publish","format-standard","has-post-thumbnail","hentry","category-blog-de-invitados","category-sin-categorizar"],"acf":[],"_links":{"self":[{"href":"https:\/\/visitestepona.eu\/es\/wp-json\/wp\/v2\/posts\/8029","targetHints":{"allow":["GET"]}}],"collection":[{"href":"https:\/\/visitestepona.eu\/es\/wp-json\/wp\/v2\/posts"}],"about":[{"href":"https:\/\/visitestepona.eu\/es\/wp-json\/wp\/v2\/types\/post"}],"author":[{"embeddable":true,"href":"https:\/\/visitestepona.eu\/es\/wp-json\/wp\/v2\/users\/1"}],"replies":[{"embeddable":true,"href":"https:\/\/visitestepona.eu\/es\/wp-json\/wp\/v2\/comments?post=8029"}],"version-history":[{"count":0,"href":"https:\/\/visitestepona.eu\/es\/wp-json\/wp\/v2\/posts\/8029\/revisions"}],"wp:featuredmedia":[{"embeddable":true,"href":"https:\/\/visitestepona.eu\/es\/wp-json\/wp\/v2\/media\/8042"}],"wp:attachment":[{"href":"https:\/\/visitestepona.eu\/es\/wp-json\/wp\/v2\/media?parent=8029"}],"wp:term":[{"taxonomy":"category","embeddable":true,"href":"https:\/\/visitestepona.eu\/es\/wp-json\/wp\/v2\/categories?post=8029"},{"taxonomy":"post_tag","embeddable":true,"href":"https:\/\/visitestepona.eu\/es\/wp-json\/wp\/v2\/tags?post=8029"}],"curies":[{"name":"wp","href":"https:\/\/api.w.org\/{rel}","templated":true}]}}