{"id":228713,"date":"2026-03-26T13:42:14","date_gmt":"2026-03-26T13:42:14","guid":{"rendered":"https:\/\/visitestepona.eu\/actualizacion-estepona-2026-un-nuevo-bulevar-y-consejos-inteligentes-para-viajar\/"},"modified":"2026-03-26T13:42:14","modified_gmt":"2026-03-26T13:42:14","slug":"actualizacion-estepona-2026-un-nuevo-bulevar-y-consejos-inteligentes-para-viajar","status":"publish","type":"post","link":"https:\/\/visitestepona.eu\/es\/actualizacion-estepona-2026-un-nuevo-bulevar-y-consejos-inteligentes-para-viajar\/","title":{"rendered":"Actualizaci\u00f3n Estepona 2026: Un nuevo bulevar y consejos inteligentes para viajar"},"content":{"rendered":"\n<p><strong>Hola, amante de Estepona,<\/strong><br\/><br\/>De cara a la temporada 2026, Estepona sigue transform\u00e1ndose en el \u00abJard\u00edn de la Costa del Sol.\u00bb Tenemos algunas novedades emocionantes que compartir sobre la distribuci\u00f3n de la ciudad y las mejores formas de llegar desde el aeropuerto de M\u00e1laga en 2026. <br\/><br\/><strong>Como se ve en la televisi\u00f3n: Por qu\u00e9 los expertos aman a Estepona<\/strong><br\/><a href=\"https:\/\/www.bbc.co.uk\/programmes\/p0hdnxd7\" target=\"_blank\" rel=\"noreferrer noopener\"><\/a><strong>No te f\u00edes solo de nuestra palabra&#8230; \ud83d\ude09<\/strong>Siempre hemos sabido que Estepona es la joya m\u00e1s brillante de la costa, \u00a1pero es agradable ver que la BBC est\u00e1 de acuerdo!  <br\/><br\/><br\/><br\/><a href=\"https:\/\/www.bbc.co.uk\/programmes\/p0hdnxd7\" target=\"_blank\" rel=\"noreferrer noopener\">Compartimos este precioso segmento<\/a> que muestra nuestras propias calles y mariscos. Advertencia: Ver esto puede provocar una inmediata necesidad de reservar un vuelo y buscar el chiringuito. <\/p>\n\n<figure class=\"wp-block-image size-full\"><a href=\"https:\/\/www.bbc.co.uk\/programmes\/p0hdnxd7\" target=\"_blank\" rel=\"noopener\"><img loading=\"lazy\" decoding=\"async\" width=\"971\" height=\"544\" src=\"https:\/\/visitestepona.eu\/wp-content\/uploads\/2026\/02\/52607e45-5308-5abd-0088-229c21150f78.png\" alt=\"VisitEstepona\" class=\"wp-image-228464\" title=\"\" srcset=\"https:\/\/visitestepona.eu\/wp-content\/uploads\/2026\/02\/52607e45-5308-5abd-0088-229c21150f78.png 971w, https:\/\/visitestepona.eu\/wp-content\/uploads\/2026\/02\/52607e45-5308-5abd-0088-229c21150f78-480x269.png 480w\" sizes=\"(min-width: 0px) and (max-width: 480px) 480px, (min-width: 481px) 971px, 100vw\" \/><\/a><\/figure>\n\n<p><strong>\u00abUn lugar al sol\u00bb tambi\u00e9n visit\u00f3 <\/strong>recientemente Estepona:<\/p>\n\n<iframe loading=\"lazy\" width=\"560\" height=\"315\" src=\"https:\/\/www.youtube.com\/embed\/ObiXsQ-PHQ8?si=YgSPg4J2wdp1yvxG\" title=\"Reproductor de v\u00eddeo de YouTube\" frameborder=\"0\" allow=\"accelerometer; autoplay; clipboard-write; encrypted-media; gyroscope; picture-in-picture; web-share\" referrerpolicy=\"strict-origin-when-cross-origin\" allowfullscreen=\"\"><\/iframe>\n\n<p><strong>La transformaci\u00f3n del Paseo Mar\u00edtimo<\/strong><\/p>\n\n<p><br\/><a href=\"https:\/\/youtu.be\/nISerdMFgec?si=ACd0fLrbzBI3jd2G\" target=\"_blank\" rel=\"noreferrer noopener\"><\/a><br\/>Si no has visitado en unos meses, \u00a1te espera un capricho! La <strong>extensa remodelaci\u00f3n del bulevar principal (Paseo Mar\u00edtimo)<\/strong> est\u00e1 <strong>oficialmente finalizada<\/strong>. El paseo mar\u00edtimo es m\u00e1s ancho, verde y m\u00e1s amigable para los peatones que nunca. Adem\u00e1s, la segunda fase \u2014el tramo entre <strong>Central Beach y el nuevo Ayuntamiento<\/strong>\u2014 avanza r\u00e1pidamente. Esta zona se est\u00e1 integrando en el \u00abGran Eje Peatonal\u00bb de la ciudad, facilitando caminar desde el centro hist\u00f3rico directamente hasta el Mediterr\u00e1neo.   <\/p>\n\n<figure class=\"wp-block-image size-full\"><img loading=\"lazy\" decoding=\"async\" width=\"747\" height=\"420\" src=\"https:\/\/visitestepona.eu\/wp-content\/uploads\/2026\/02\/8b681edc-a05c-d05f-1abf-c747d3ec247a.png\" alt=\"VisitEstepona\" class=\"wp-image-228461\" title=\"\" srcset=\"https:\/\/visitestepona.eu\/wp-content\/uploads\/2026\/02\/8b681edc-a05c-d05f-1abf-c747d3ec247a.png 747w, https:\/\/visitestepona.eu\/wp-content\/uploads\/2026\/02\/8b681edc-a05c-d05f-1abf-c747d3ec247a-480x270.png 480w\" sizes=\"(min-width: 0px) and (max-width: 480px) 480px, (min-width: 481px) 747px, 100vw\" \/><\/figure>\n\n<p><\/p>\n\n<p><strong>Ir del aeropuerto de M\u00e1laga a Estepona en 2026<\/strong><br\/>Las opciones de transporte han mejorado significativamente este a\u00f1o. Aqu\u00ed tienes las \u00faltimas novedades sobre c\u00f3mo contactarnos: <br\/><br\/><strong>El autob\u00fas Avanza <\/strong><em><strong>(La elecci\u00f3n econ\u00f3mica):<\/strong><\/em><strong> \u00a1Buenas noticias! El <strong>servicio de autob\u00fas Avanza<\/strong> desde el aeropuerto de M\u00e1laga est\u00e1 mejor organizado en 2026, con salidas m\u00e1s frecuentes y un sistema de reservas digital m\u00e1s fiable. Sigue siendo el enlace de transporte p\u00fablico m\u00e1s r\u00e1pido y asequible, aunque recomendamos <a href=\"https:\/\/malaga.avanzagrupo.com\/en\" target=\"_blank\" rel=\"noopener\"><strong>consultar el horario<\/strong> <\/a>con antelaci\u00f3n, ya que no funciona 24\/7.<\/strong>  <br\/><br\/><strong>Alquiler de coches <\/strong><em><strong>(The Freedom Choice):<\/strong><\/em><strong> No dejes que el \u00abestr\u00e9s del alquiler\u00bb arruine tu llegada. Nos hemos asociado con un <strong>proveedor de alquiler de coches reconocido y<\/strong> transparente, conocido por sus pol\u00edticas de combustible justo y sin comisiones ocultas. <a href=\"https:\/\/visitestepona.eu\/es\/consejo-para-el-mejor-alquiler-de-coches-estepona-malaga\/\"><strong>Utiliza nuestro exclusivo c\u00f3digo de descuento CAR4ESTEP<\/strong><\/a> para conseguir un veh\u00edculo premium sin las complicaciones habituales.<\/strong> <br\/><br\/><strong>Traslados privados <\/strong><em><strong>(The Comfort Choice):<\/strong><\/em><strong> Para quienes prefieren un servicio de \u00abmeet and greet\u00bb y no necesitan un coche de alquiler durante su estancia, el <a href=\"https:\/\/visitestepona.eu\/es\/transfer-malaga-estepona-transfer-estepona-malaga\/\"><strong>traslado privado<\/strong><\/a> es el est\u00e1ndar de oro. <strong>Nota:<\/strong> Nuestros conductores recomendados ya est\u00e1n experimentando una alta demanda para la temporada alta de 2026. Si quieres una plaza garantizada, te recomendamos <strong>encarecidamente reservar tu traslado con mucha antelaci\u00f3n.<\/strong><\/strong> <br\/><\/p>\n\n<p>Estancias seleccionadas: reserva directamente y guarda<br\/>Los calendarios de temporada alta ya se est\u00e1n abriendo en los principales portales, pero tenemos un &#8216;consejo profesional&#8217; para nuestra comunidad. Puedes reservar nuestros apartamentos favoritos seleccionados directamente con los propietarios a trav\u00e9s de nuestra p\u00e1gina web. Esto garantiza las mejores tarifas y un toque personal para tu estancia en 2026. De hecho, la demanda es tan alta que los viajeros m\u00e1s organizados ya est\u00e1n asegurando sus lugares favoritos para 2027 tambi\u00e9n.   <br\/><strong>Nuestras principales recomendaciones:<\/strong><br\/><br\/><a href=\"https:\/\/lafragata.visitestepona.eu\/en\/\" target=\"_blank\" rel=\"noreferrer noopener\"><strong>La Fragata Estepona<\/strong><\/a><strong>:<\/strong> Una de las favoritas de los hu\u00e9spedes con <a href=\"https:\/\/nl.airbnb.com\/rooms\/566369885950112405\" target=\"_blank\" rel=\"noreferrer noopener\">veinte rese\u00f1as de 5 estrellas<\/a> en Airbnb. Perfectamente situado cerca de la marina, ofrece la combinaci\u00f3n ideal de confort y conveniencia. Lo que realmente hace que La Fragata destaque es su <strong>gran piscina com\u00fan<\/strong>, un lujo poco com\u00fan en esta zona. Imagina tomar tu caf\u00e9 de la ma\u00f1ana en tu <strong>terraza privada<\/strong>, disfrutando de las vistas de los <strong>jardines impecablemente cuidados<\/strong>, la piscina acogedora y una <strong>parte de las vistas al mar<\/strong> para empezar el d\u00eda. Tambi\u00e9n puedes relajarte en las amplias terrazas compartidas, que ofrecen vistas al mar Mediterr\u00e1neo y al ic\u00f3nico faro. Lo mejor de todo es que la preciosa <strong>Playa del Cristo <\/strong>, incluyendo el restaurante <a href=\"https:\/\/visitestepona.eu\/es\/chiringuito-playa-habana\/\" target=\"_blank\" rel=\"noreferrer noopener\"><strong>Havana Beach Chiringuito<\/strong><\/a> &amp; <a href=\"https:\/\/visitestepona.eu\/es\/restaurante-lolailo-beach\/\" target=\"_blank\" rel=\"noreferrer noopener\"><strong>Lolailo Beach<\/strong><\/a> , est\u00e1 a solo un corto paseo.     <a href=\"https:\/\/lafragata.visitestepona.eu\/en\/\" target=\"_blank\" rel=\"noreferrer noopener\"><\/a><a href=\"https:\/\/lafragata.visitestepona.eu\/en\/\" target=\"_blank\" rel=\"noreferrer noopener\"><\/a><a href=\"https:\/\/lafragata.visitestepona.eu\/en\/\" target=\"_blank\" rel=\"noreferrer noopener\"><\/a><br\/><br\/><a href=\"https:\/\/www.biloxispain.com\/\" target=\"_blank\" rel=\"noreferrer noopener\"><strong>Punta Plata Estepona<\/strong><\/a><strong>:<\/strong> Si quieres despertarte con el sonido de las olas, esta joya frente a la playa en el bulevar es imprescindible. Cuenta con un <strong>interior impresionante y moderno<\/strong> , y ofrece <strong>vistas panor\u00e1micas impresionantes<\/strong> sobre el Mediterr\u00e1neo. Perfectamente situado para quienes aman el estilo de vida costero, est\u00e1s a solo un corto paseo de la <a href=\"https:\/\/visitestepona.eu\/es\/playa-de-malva\/\" target=\"_blank\" rel=\"noreferrer noopener\"><strong>elegante playa de Malva<\/strong><\/a> y del famoso club de playa <a href=\"https:\/\/visitestepona.eu\/es\/trocadero-estepona\/\" target=\"_blank\" rel=\"noreferrer noopener\"><strong>Trocadero<\/strong><\/a> . \u00a1Moderno, elegante y justo en el coraz\u00f3n de la acci\u00f3n!   <a href=\"https:\/\/www.biloxispain.com\/\" target=\"_blank\" rel=\"noreferrer noopener\"><\/a><a href=\"https:\/\/www.biloxispain.com\/\" target=\"_blank\" rel=\"noreferrer noopener\"><\/a><br\/><br\/>No esperes a que los portales est\u00e9n completamente reservados: asegura tus fechas favoritas ahora a trav\u00e9s de nuestros enlaces directos. Tras un periodo de tormentas y lluvias, el sol de Estepona ha vuelto y brilla con m\u00e1s esperanza que nunca. Estamos deseando verte bajo el cielo azul brillante muy pronto.  <\/p>\n\n<p>Un cordial saludo,<\/p>\n\n<p>El equipo VisitEstepona.eu<\/p>\n","protected":false},"excerpt":{"rendered":"<p>Hola, amante de Estepona, De cara a la temporada 2026, Estepona sigue transform\u00e1ndose en el \u00abJard\u00edn de la Costa del Sol.\u00bb Tenemos algunas novedades emocionantes que compartir sobre la distribuci\u00f3n de la ciudad y las mejores formas de llegar desde el aeropuerto de M\u00e1laga en 2026. Como se ve en la televisi\u00f3n: Por qu\u00e9 los\u2026 <a href=\"https:\/\/visitestepona.eu\/es\/actualizacion-estepona-2026-un-nuevo-bulevar-y-consejos-inteligentes-para-viajar\/\">Read More &raquo;<\/a><\/p>\n","protected":false},"author":1,"featured_media":228723,"comment_status":"open","ping_status":"open","sticky":true,"template":"","format":"standard","meta":{"_acf_changed":false,"_et_pb_use_builder":"","_et_pb_old_content":"","_et_gb_content_width":"","footnotes":""},"categories":[58,41],"tags":[],"class_list":["post-228713","post","type-post","status-publish","format-standard","has-post-thumbnail","hentry","category-transporte-de-viajes","category-sin-categorizar"],"acf":[],"_links":{"self":[{"href":"https:\/\/visitestepona.eu\/es\/wp-json\/wp\/v2\/posts\/228713","targetHints":{"allow":["GET"]}}],"collection":[{"href":"https:\/\/visitestepona.eu\/es\/wp-json\/wp\/v2\/posts"}],"about":[{"href":"https:\/\/visitestepona.eu\/es\/wp-json\/wp\/v2\/types\/post"}],"author":[{"embeddable":true,"href":"https:\/\/visitestepona.eu\/es\/wp-json\/wp\/v2\/users\/1"}],"replies":[{"embeddable":true,"href":"https:\/\/visitestepona.eu\/es\/wp-json\/wp\/v2\/comments?post=228713"}],"version-history":[{"count":1,"href":"https:\/\/visitestepona.eu\/es\/wp-json\/wp\/v2\/posts\/228713\/revisions"}],"predecessor-version":[{"id":228724,"href":"https:\/\/visitestepona.eu\/es\/wp-json\/wp\/v2\/posts\/228713\/revisions\/228724"}],"wp:featuredmedia":[{"embeddable":true,"href":"https:\/\/visitestepona.eu\/es\/wp-json\/wp\/v2\/media\/228723"}],"wp:attachment":[{"href":"https:\/\/visitestepona.eu\/es\/wp-json\/wp\/v2\/media?parent=228713"}],"wp:term":[{"taxonomy":"category","embeddable":true,"href":"https:\/\/visitestepona.eu\/es\/wp-json\/wp\/v2\/categories?post=228713"},{"taxonomy":"post_tag","embeddable":true,"href":"https:\/\/visitestepona.eu\/es\/wp-json\/wp\/v2\/tags?post=228713"}],"curies":[{"name":"wp","href":"https:\/\/api.w.org\/{rel}","templated":true}]}}