{"id":226137,"date":"2024-05-17T11:01:19","date_gmt":"2024-05-17T11:01:19","guid":{"rendered":"https:\/\/visitestepona.eu\/mercado-de-abastos-estepona-food-market\/"},"modified":"2024-05-17T11:13:14","modified_gmt":"2024-05-17T11:13:14","slug":"mercado-de-abastos-estepona-food-market","status":"publish","type":"post","link":"https:\/\/visitestepona.eu\/es\/mercado-de-abastos-estepona-food-market\/","title":{"rendered":"Mercado de Abastos (Estepona Food Market)"},"content":{"rendered":"\n<h2 class=\"wp-block-heading\"><em>\n  <strong>Comer, beber, comprar, divertir<\/strong>\n<\/em> :  <br\/>Comer, beber, ir de compras, divertirse.<\/h2>\n\n<p>El antiguo <strong>Mercado de Abastos de Estepona ha reabierto<a href=\"https:\/\/www.malagahoy.es\/estepona\/\" target=\"_blank\" rel=\"noopener\"><\/a> sus puertas<\/strong> como el nuevo espacio gastron\u00f3mico y social de la Costa del Sol, que alberga 5 restaurantes, <em>servicios de comida para llevar<\/em> y 6 tiendas donde comprar diversos productos (regionales).<\/p>\n\n<p>Tras una esperada reforma, el Mercado de Estepona, construido en 1949 y reconocido por su servicio como mercado tradicional hasta 2018 -cuando se someti\u00f3 a una profunda reforma y se convirti\u00f3 en un <strong>mercado <em>gastron\u00f3mico<\/em><\/strong>&#8211; se ha transformado ahora con un nuevo concepto. El centro, de 950 metros cuadrados, ofrece ahora una oferta culinaria que combina el encanto de la gastronom\u00eda local con una selecci\u00f3n de sabores internacionales.  <\/p>\n\n<p>El alcalde de Estepona, Jos\u00e9 Mar\u00eda Garc\u00eda Urbano, ha destacado durante el acto de inauguraci\u00f3n que \u00abel renacimiento del Mercado de Abastos es un testimonio del <strong>esp\u00edritu innovador de Estepona<\/strong> y ofrece a residentes y visitantes una experiencia culinaria incomparable\u00bb.<\/p>\n\n<figure class=\"wp-block-image size-full\"><img loading=\"lazy\" decoding=\"async\" width=\"600\" height=\"400\" src=\"https:\/\/visitestepona.eu\/wp-content\/uploads\/2024\/05\/e9f161_485fd518b6884dec8db4959c3030a320mv2.jpg\" alt=\"VisitEstepona\" class=\"wp-image-226146\" title=\"\" srcset=\"https:\/\/visitestepona.eu\/wp-content\/uploads\/2024\/05\/e9f161_485fd518b6884dec8db4959c3030a320mv2.jpg 600w, https:\/\/visitestepona.eu\/wp-content\/uploads\/2024\/05\/e9f161_485fd518b6884dec8db4959c3030a320mv2-480x320.jpg 480w\" sizes=\"(min-width: 0px) and (max-width: 480px) 480px, (min-width: 481px) 600px, 100vw\" \/><\/figure>\n\n<p><a href=\"https:\/\/www.mercadoestepona.com\" target=\"_blank\" rel=\"noopener\">https:\/\/www.mercadoestepona.com<\/a><br\/>Calle Villa, 9<br\/>29680 Estepona, M\u00e1laga<\/p>\n\n<p><a href=\"https:\/\/www.mercadoestepona.com\/\" target=\"_blank\" rel=\"noopener\">RESERVAS<\/a><\/p>\n\n<p>+34 650 23 55 81<\/p>\n","protected":false},"excerpt":{"rendered":"<p>Un ambiente \u00fanico: Sum\u00e9rgete en un ambiente \u00fanico donde cada momento es una experiencia inolvidable.<br \/>\nServicio de mesa: Si\u00e9ntate donde quieras y disfruta del servicio de mesa con delicias de una de nuestras cocinas.  <\/p>\n","protected":false},"author":1,"featured_media":226153,"comment_status":"open","ping_status":"open","sticky":false,"template":"","format":"standard","meta":{"_acf_changed":false,"_et_pb_use_builder":"","_et_pb_old_content":"","_et_gb_content_width":"","footnotes":""},"categories":[90],"tags":[125,126,96],"class_list":["post-226137","post","type-post","status-publish","format-standard","has-post-thumbnail","hentry","category-puntos-de-acceso-a-estepona","tag-almuerzo","tag-cena","tag-restaurantes-y-bares"],"acf":[],"_links":{"self":[{"href":"https:\/\/visitestepona.eu\/es\/wp-json\/wp\/v2\/posts\/226137","targetHints":{"allow":["GET"]}}],"collection":[{"href":"https:\/\/visitestepona.eu\/es\/wp-json\/wp\/v2\/posts"}],"about":[{"href":"https:\/\/visitestepona.eu\/es\/wp-json\/wp\/v2\/types\/post"}],"author":[{"embeddable":true,"href":"https:\/\/visitestepona.eu\/es\/wp-json\/wp\/v2\/users\/1"}],"replies":[{"embeddable":true,"href":"https:\/\/visitestepona.eu\/es\/wp-json\/wp\/v2\/comments?post=226137"}],"version-history":[{"count":0,"href":"https:\/\/visitestepona.eu\/es\/wp-json\/wp\/v2\/posts\/226137\/revisions"}],"wp:featuredmedia":[{"embeddable":true,"href":"https:\/\/visitestepona.eu\/es\/wp-json\/wp\/v2\/media\/226153"}],"wp:attachment":[{"href":"https:\/\/visitestepona.eu\/es\/wp-json\/wp\/v2\/media?parent=226137"}],"wp:term":[{"taxonomy":"category","embeddable":true,"href":"https:\/\/visitestepona.eu\/es\/wp-json\/wp\/v2\/categories?post=226137"},{"taxonomy":"post_tag","embeddable":true,"href":"https:\/\/visitestepona.eu\/es\/wp-json\/wp\/v2\/tags?post=226137"}],"curies":[{"name":"wp","href":"https:\/\/api.w.org\/{rel}","templated":true}]}}