{"id":10425,"date":"2023-10-08T09:25:45","date_gmt":"2023-10-08T09:25:45","guid":{"rendered":"https:\/\/visitestepona.eu\/tapas-diez\/"},"modified":"2024-08-30T09:02:02","modified_gmt":"2024-08-30T09:02:02","slug":"tapas-diez","status":"publish","type":"post","link":"https:\/\/visitestepona.eu\/de\/tapas-diez\/","title":{"rendered":"Tapas diez"},"content":{"rendered":"\n<p>Eine Reise um die Welt  <\/p>\n\n<p>Basierend auf einer pers\u00f6nlichen Idee der Besitzerin Reme Perez und als w\u00e4re es ein Buch mit Abenteuern ihrer unz\u00e4hligen Reisen rund um die Kontinente, ist das Konzept der Tapas Diez geboren.<\/p>\n\n<p>St\u00fcck f\u00fcr St\u00fcck und Land f\u00fcr Land hat sie die Essenz ihrer Gastronomie herausgearbeitet und eine bahnbrechende Idee in Estepona in die Realit\u00e4t umgesetzt.<br\/>Japan, Europa, Marokko, Asien, Amerika usw., L\u00e4nder und Kontinente, die er besucht und in seinem kleinen Tapas-Buch festgehalten hat, dessen Einband mit Blumen und exotischen Produkten gef\u00fcllt ist, was einen unerbittlichen Kampf f\u00fcr nat\u00fcrliche, biologische Produkte impliziert und dazu f\u00fchrt, dass mehr als die H\u00e4lfte des Buches f\u00fcr diejenigen geschrieben ist, die nicht die volle Breite einer anderen Gastronomie genie\u00dfen k\u00f6nnen,  Sogar der Kampf um Wasser ist pr\u00e4sent durch einen Beitrag f\u00fcr jede Flasche, die in Solidarit\u00e4tsprogrammen verwendet wird.<\/p>\n\n<p>Calle real 81 29680 Estepona<br\/><br\/>+34 628 38 78 96<\/p>\n\n<p><a href=\"https:\/\/tapasdiez.com\/\" target=\"_blank\" data-type=\"link\" data-id=\"https:\/\/tapasdiez.com\/\" data-schema-attribute=\"mentions\" rel=\"noreferrer noopener\">Website  <\/a><\/p>\n\n<figure class=\"wp-block-gallery has-nested-images columns-default is-cropped wp-block-gallery-1 is-layout-flex wp-block-gallery-is-layout-flex\">\n<figure class=\"wp-block-image size-large\"><img loading=\"lazy\" decoding=\"async\" width=\"315\" height=\"315\" data-id=\"10398\" src=\"https:\/\/visitestepona.eu\/wp-content\/uploads\/2023\/10\/349681095_790196559085030_8509352905452009129_n.jpg\" alt=\"VisitEstepona\" class=\"wp-image-10398\" title=\"\" srcset=\"https:\/\/visitestepona.eu\/wp-content\/uploads\/2023\/10\/349681095_790196559085030_8509352905452009129_n.jpg 315w, https:\/\/visitestepona.eu\/wp-content\/uploads\/2023\/10\/349681095_790196559085030_8509352905452009129_n-300x300.jpg 300w, https:\/\/visitestepona.eu\/wp-content\/uploads\/2023\/10\/349681095_790196559085030_8509352905452009129_n-150x150.jpg 150w\" sizes=\"(max-width: 315px) 100vw, 315px\" \/><\/figure>\n\n\n\n<figure class=\"wp-block-image size-large\"><img loading=\"lazy\" decoding=\"async\" width=\"315\" height=\"315\" data-id=\"10399\" src=\"https:\/\/visitestepona.eu\/wp-content\/uploads\/2023\/10\/374865986_706829274795570_8941844088389921052_n.jpg\" alt=\"VisitEstepona\" class=\"wp-image-10399\" title=\"\" srcset=\"https:\/\/visitestepona.eu\/wp-content\/uploads\/2023\/10\/374865986_706829274795570_8941844088389921052_n.jpg 315w, https:\/\/visitestepona.eu\/wp-content\/uploads\/2023\/10\/374865986_706829274795570_8941844088389921052_n-300x300.jpg 300w, https:\/\/visitestepona.eu\/wp-content\/uploads\/2023\/10\/374865986_706829274795570_8941844088389921052_n-150x150.jpg 150w\" sizes=\"(max-width: 315px) 100vw, 315px\" \/><\/figure>\n\n\n\n<figure class=\"wp-block-image size-large\"><img loading=\"lazy\" decoding=\"async\" width=\"768\" height=\"1024\" data-id=\"10412\" src=\"https:\/\/visitestepona.eu\/wp-content\/uploads\/2023\/10\/IMG20210529155621-768x1024-1.jpg\" alt=\"VisitEstepona\" class=\"wp-image-10412\" title=\"\" srcset=\"https:\/\/visitestepona.eu\/wp-content\/uploads\/2023\/10\/IMG20210529155621-768x1024-1.jpg 768w, https:\/\/visitestepona.eu\/wp-content\/uploads\/2023\/10\/IMG20210529155621-768x1024-1-480x640.jpg 480w\" sizes=\"(min-width: 0px) and (max-width: 480px) 480px, (min-width: 481px) 768px, 100vw\" \/><\/figure>\n\n\n\n<figure class=\"wp-block-image size-large\"><img loading=\"lazy\" decoding=\"async\" width=\"768\" height=\"1024\" data-id=\"10401\" src=\"https:\/\/visitestepona.eu\/wp-content\/uploads\/2023\/10\/IMG20210518224122-768x1024-1.jpg\" alt=\"VisitEstepona\" class=\"wp-image-10401\" title=\"\" srcset=\"https:\/\/visitestepona.eu\/wp-content\/uploads\/2023\/10\/IMG20210518224122-768x1024-1.jpg 768w, https:\/\/visitestepona.eu\/wp-content\/uploads\/2023\/10\/IMG20210518224122-768x1024-1-480x640.jpg 480w\" sizes=\"(min-width: 0px) and (max-width: 480px) 480px, (min-width: 481px) 768px, 100vw\" \/><\/figure>\n\n\n\n<figure class=\"wp-block-image size-large\"><img loading=\"lazy\" decoding=\"async\" width=\"768\" height=\"1024\" data-id=\"10416\" src=\"https:\/\/visitestepona.eu\/wp-content\/uploads\/2023\/10\/IMG20210529155448-768x1024-1.jpg\" alt=\"VisitEstepona\" class=\"wp-image-10416\" title=\"\" srcset=\"https:\/\/visitestepona.eu\/wp-content\/uploads\/2023\/10\/IMG20210529155448-768x1024-1.jpg 768w, https:\/\/visitestepona.eu\/wp-content\/uploads\/2023\/10\/IMG20210529155448-768x1024-1-480x640.jpg 480w\" sizes=\"(min-width: 0px) and (max-width: 480px) 480px, (min-width: 481px) 768px, 100vw\" \/><\/figure>\n<\/figure>\n\n<p><a href=\"https:\/\/www.facebook.com\/profile.php?id=100064055111389\" target=\"_blank\" data-schema-attribute=\"mentions\" rel=\"noreferrer noopener\">https:\/\/www.facebook.com\/profile.php?id=100064055111389<\/a><\/p>\n","protected":false},"excerpt":{"rendered":"<p>Eine Reise um die Welt Basierend auf einer pers\u00f6nlichen Idee der Besitzerin Reme Perez und als w\u00e4re es ein Buch mit Abenteuern ihrer unz\u00e4hligen Reisen rund um die Kontinente, ist das Konzept der Tapas Diez geboren. St\u00fcck f\u00fcr St\u00fcck und Land f\u00fcr Land hat sie die Essenz ihrer Gastronomie herausgearbeitet und eine bahnbrechende Idee in\u2026 <a href=\"https:\/\/visitestepona.eu\/de\/tapas-diez\/\">Read More &raquo;<\/a><\/p>\n","protected":false},"author":1,"featured_media":10413,"comment_status":"open","ping_status":"open","sticky":false,"template":"","format":"standard","meta":{"_acf_changed":false,"_et_pb_use_builder":"","_et_pb_old_content":"","_et_gb_content_width":"","footnotes":""},"categories":[89],"tags":[123,124,95],"class_list":["post-10425","post","type-post","status-publish","format-standard","has-post-thumbnail","hentry","category-estepona-hotspots-de","tag-mittagessen","tag-abendessen","tag-restaurants-bars-de"],"acf":[],"_links":{"self":[{"href":"https:\/\/visitestepona.eu\/de\/wp-json\/wp\/v2\/posts\/10425","targetHints":{"allow":["GET"]}}],"collection":[{"href":"https:\/\/visitestepona.eu\/de\/wp-json\/wp\/v2\/posts"}],"about":[{"href":"https:\/\/visitestepona.eu\/de\/wp-json\/wp\/v2\/types\/post"}],"author":[{"embeddable":true,"href":"https:\/\/visitestepona.eu\/de\/wp-json\/wp\/v2\/users\/1"}],"replies":[{"embeddable":true,"href":"https:\/\/visitestepona.eu\/de\/wp-json\/wp\/v2\/comments?post=10425"}],"version-history":[{"count":1,"href":"https:\/\/visitestepona.eu\/de\/wp-json\/wp\/v2\/posts\/10425\/revisions"}],"predecessor-version":[{"id":227139,"href":"https:\/\/visitestepona.eu\/de\/wp-json\/wp\/v2\/posts\/10425\/revisions\/227139"}],"wp:featuredmedia":[{"embeddable":true,"href":"https:\/\/visitestepona.eu\/de\/wp-json\/wp\/v2\/media\/10413"}],"wp:attachment":[{"href":"https:\/\/visitestepona.eu\/de\/wp-json\/wp\/v2\/media?parent=10425"}],"wp:term":[{"taxonomy":"category","embeddable":true,"href":"https:\/\/visitestepona.eu\/de\/wp-json\/wp\/v2\/categories?post=10425"},{"taxonomy":"post_tag","embeddable":true,"href":"https:\/\/visitestepona.eu\/de\/wp-json\/wp\/v2\/tags?post=10425"}],"curies":[{"name":"wp","href":"https:\/\/api.w.org\/{rel}","templated":true}]}}